{"id":247646,"date":"2026-03-10T16:57:08","date_gmt":"2026-03-10T15:57:08","guid":{"rendered":"https:\/\/blog.adesso-bc.com\/?p=247646"},"modified":"2026-03-10T16:57:12","modified_gmt":"2026-03-10T15:57:12","slug":"e-invoicing-in-ireland-changing-with-the-times-thanks-to-peppol-and-ai","status":"publish","type":"post","link":"https:\/\/blog.adesso-bc.com\/en\/e-invoicing-in-ireland-changing-with-the-times-thanks-to-peppol-and-ai\/","title":{"rendered":"E-invoicing in Ireland \u2013 changing with the times thanks to Peppol and AI"},"content":{"rendered":"\n<p>The 7th edition of ELEVATE by Fintua took place this year at St. Mary&#8217;s Medieval Mile Museum in Kilkenny. Many experts from the fields of tax technology, indirect tax, AI, and e-invoicing gathered to discuss current developments and present their findings. I am delighted to share my impressions of this fantastic event with you and to provide you with valuable insights into the latest developments in e-invoicing.  <\/p>\n\n<figure class=\"wp-block-image size-large\"><img loading=\"lazy\" decoding=\"async\" width=\"1024\" height=\"761\" src=\"https:\/\/blog.adesso-bc.com\/wp-content\/uploads\/2026\/03\/Irland2-1024x761.jpg\" alt=\"\" class=\"wp-image-247624\" srcset=\"https:\/\/blog.adesso-bc.com\/wp-content\/uploads\/2026\/03\/Irland2-980x728.jpg 980w, https:\/\/blog.adesso-bc.com\/wp-content\/uploads\/2026\/03\/Irland2-480x357.jpg 480w\" sizes=\"(min-width: 0px) and (max-width: 480px) 480px, (min-width: 481px) and (max-width: 980px) 980px, (min-width: 981px) 1024px, 100vw\" \/><figcaption class=\"wp-element-caption\">Fig. 1: ELEVATE by Fintua <\/figcaption><\/figure>\n\n<p>The former church building is an extraordinary venue for such a summit. It dates back to the 13th century and was used for centuries as the city&#8217;s central church and cemetery. It is estimated that 67,500 people were buried beneath the church. It is therefore a place where the past is very much present and, at the same time, a fitting setting for an event about the future of indirect taxes. For while centuries of history lie beneath our feet, the world of taxation is undergoing fundamental change above ground \u2013 primarily due to e-invoicing, VAT in the Digital Age (ViDA), and the increasing use of tax technologies.    <\/p>\n\n<h2 class=\"wp-block-heading\">ViDA and Digital Reporting Requirements \u2013 lots of movement with open flanks<\/h2>\n\n<p>A central topic of the event was the developments surrounding the EU initiative VAT in the Digital Age (ViDA) and, in particular, the Digital Reporting Requirements (DRR). A comprehensive explanation of what ViDA is all about can be found <a href=\"https:\/\/blog.adesso-bc.com\/en\/entering-the-digital-tax-world-with-vida-what-companies-need-to-know-about-the-three-pillar-model\/\">here<\/a> in the blog post by Dennis Zielinski and Julia Barbara Krings. <\/p>\n\n<p>Although the direction of ViDA is clearly defined with the 3-pillar model, some details or specifications have not yet been finalized. Adjustments have been made over the last few years, such as the so-called &#8220;10-day deadline&#8221; for issuing electronic invoices of the supply of goods or services. The original draft provided for a deadline of only two days. However, questions remain as to whether the ten days refer to calendar days or working days. These inconsistencies need to be resolved in a timely manner. The European Commission for Finance (ECOFIN) has a duty to clarify this.     <\/p>\n\n<p>The current mandatory period for implementing the Digital Reporting Requirements essentially provides for two categories of member states:<\/p>\n\n<ul class=\"wp-block-list\">\n<li>Member states of the European Union that have already introduced or committed to an existing e-invoicing system before January 1, 2024, will be given an implementation period for the Digital Reporting Requirements until January 1, 2035.<\/li>\n\n\n\n<li>All other states must fully comply with the new EU-wide standard by July 1, 2030.<\/li>\n<\/ul>\n\n<p>The aim of the ViDA measures is therefore not only to increase digitization, efficiency, and environmental protection, but above all to significantly reduce the VAT gap through better data and faster transparency.<\/p>\n\n<h2 class=\"wp-block-heading\">E-invoicing in Ireland: Harmonization, standardization, interoperability<\/h2>\n\n<p>The Digital Reporting Requirements have probably contributed significantly to Ireland now also participating in the e-invoicing world. On October 8, 2025, the Irish Revenue Commissioners published the national e-invoicing requirement, meaning that businesses must comply with the Digital Reporting Requirements by July 1, 2030. This also means that from then on, they will have to send and receive e-invoices for cross-border transactions within the European Union.  <\/p>\n\n<p>The current roadmap envisages the following three phases:<\/p>\n\n<ul class=\"wp-block-list\">\n<li>Phase 1: As of <strong>November 1, 2028<\/strong>, large VAT-registered companies will be required to issue domestic B2B invoices in a structured electronic format. All companies based in Ireland must be able to receive such e-invoices by this date. <\/li>\n\n\n\n<li>Phase 2: As of November 1, 2029, all VAT-registered companies based in Ireland that are involved in intra-EU trade will be required to send structured electronic invoices.<\/li>\n\n\n\n<li>Phase 3: By <strong>July 1, 2030<\/strong>, full compatibility and ViDA compliance with digital reporting requirements will be ensured.<\/li>\n<\/ul>\n\n<p>The presentation by the Office of the Revenue Commissioners impressively demonstrated that Ireland is preparing sensibly for the e-invoicing scenario and taking the competitiveness of its market in Europe seriously. They drew up a structured plan that, in addition to the key areas of analysis and design, legislation, stakeholder involvement, and change management, also provides for active participation by companies in order to be as well prepared as possible for the future. You can read about why change management is so important in relation to e-invoicing in the blog post by Berekat Oduncu and Daniel Giesbrecht <a href=\"https:\/\/blog.adesso-bc.com\/en\/paperless-future-e-invoicing-more-than-just-an-it-project\/\">here<\/a>.  <\/p>\n\n<h2 class=\"wp-block-heading\">Peppol as the central e-invoicing network for Ireland?<\/h2>\n\n<p>There are increasing signs that Ireland will follow Belgium&#8217;s example in e-invoicing and establish Peppol as an integral part of invoice transmission. A corresponding Peppol pilot is planned, and an announcement on which technology will lead the way in Ireland in the future is expected to be published in the near future. <\/p>\n\n<p>If you don&#8217;t yet know what Peppol is and how e-invoicing was established in Belgium using the 4-corner model, you are welcome to take a look at the article by Felix L\u00f6ffler and myself from the Peppol Conference 2025 in Brussels <a href=\"https:\/\/blog.adesso-bc.com\/en\/e-invoicing-in-belgium-well-positioned-with-peppol-and-sap-drc\/\">here<\/a>. Although Peppol originated from a European Union initiative for public procurement (B2G), it is now widely used not only in the B2B sector, but also beyond continental borders \u2013 including in the <a href=\"https:\/\/blog.adesso-bc.com\/en\/e-invoicing-in-the-uae-with-the-pint-model\/\">United Arab Emirates<\/a> and <a href=\"https:\/\/blog.adesso-bc.com\/en\/e-invoicing-exchange-summit-singapore-why-this-topic-is-reshaping-the-world\/\">Southeast Asia<\/a>. <\/p>\n\n<h2 class=\"wp-block-heading\">AI und VAT Compliance: Mehr Chance als Angst<\/h2>\n\n<p>Another focus at ELEVATE was the use of artificial intelligence in e-invoicing. Used correctly, AI can bring great benefits to businesses. Agents can help minimize penalties and maintain high data quality.  <\/p>\n\n<p>Durch den digitalisierten Wandel von Papier auf E-Rechnung verf\u00fcgen Steuerbeh\u00f6rden heutzutage nun \u00fcber Werkzeuge, die vor wenigen Jahren noch undenkbar waren. Systeme wie das MIAS (Mehrwertsteuer-Informationsaustauschsystem) werden sich mit den Digital Reporting Requirements st\u00e4rker zwischen K\u00e4ufer und Verk\u00e4ufer positionieren. Die \u00dcbermittlung von elektronischen Rechnungen wird nur noch mit konsistenten Daten funktionieren. Dies bedeutet f\u00fcr Steuerbeh\u00f6rden mehr Transparenz, pr\u00e4zise Validierung von Daten sowie eine schnellere Identifikation von Unstimmigkeiten. Genau dort kann KI ansetzen und Unternehmen zu einem reibungsloseren Verlauf mit E-Invoicing helfen.    <\/p>\n\n<p>However, AI only works with the necessary expertise in the background. Only through the appropriate setup of agents and the targeted use of prompts can AI take relevant contexts into account, interpret tax-relevant patterns sensibly, and identify weaknesses. What is still a small gap in the master data in the ERP system today will be immediately visible in the invoice or report tomorrow. The European standard EN 16931, which will be updated again this year, leaves very little room for inconsistent and incorrect data.   <\/p>\n\n<p>This means that AI can certainly help to implement a minimum standard of quality and ensure compliance with the law at all times \u2013 but it will not replace an accountant, application manager, or tax advisor.<\/p>\n\n<figure class=\"wp-block-image size-large\"><img loading=\"lazy\" decoding=\"async\" width=\"1024\" height=\"805\" src=\"https:\/\/blog.adesso-bc.com\/wp-content\/uploads\/2026\/03\/Irland1-1024x805.jpg\" alt=\"\" class=\"wp-image-247625\" srcset=\"https:\/\/blog.adesso-bc.com\/wp-content\/uploads\/2026\/03\/Irland1-980x770.jpg 980w, https:\/\/blog.adesso-bc.com\/wp-content\/uploads\/2026\/03\/Irland1-480x377.jpg 480w\" sizes=\"(min-width: 0px) and (max-width: 480px) 480px, (min-width: 481px) and (max-width: 980px) 980px, (min-width: 981px) 1024px, 100vw\" \/><figcaption class=\"wp-element-caption\">Fig. 2: At ELEVATE by Fintua <\/figcaption><\/figure>\n\n<h2 class=\"wp-block-heading\">Conclusion: Start early \u2013 sooner rather than later<\/h2>\n\n<p>Perhaps the most important message of the day is surprisingly simple \u2013 &#8220;start early.&#8221; All experts agree that implementing functional e-invoicing in ERP software such as SAP requires reasonable preparation time. Other large-scale IT projects or deadlines that are sometimes long in coming tempt companies to shift their priorities. However, the world of e-invoicing is constantly evolving. Take the opportunity to start analyzing your existing processes and checking the quality of your master data. After all, an e-invoice is ultimately a digital product consisting of your master data and transaction data. If your master data and processes are poor, your e-invoice will also be poor \u2013 true to the motto &#8220;garbage in, garbage out.&#8221; Be aware that e-invoicing does not forgive mistakes.       <\/p>\n\n<p>Perfect clarity is rare, times and laws can change \u2013 but those who start early build structures, reduce later risks, and become competitive faster. Those who also take the human factor into account have a good chance of generating many advantages from e-invoicing. So it&#8217;s better to start dealing with the topic of e-invoicing today than tomorrow.  <\/p>\n\n<p>Perhaps the venue was a fitting metaphor for this. Beneath the church in Kilkenny lie traces of centuries of human history. The world of indirect taxation, on the other hand, is in the midst of historic change and is constantly moving forward.  <\/p>\n\n<p>Do you want to take the right steps forward at the right time, but don&#8217;t know how? Contact me \u2013 with our years of experience in the field, we can help you implement e-invoicing worldwide. <\/p>\n","protected":false},"excerpt":{"rendered":"<p>The 7th edition of ELEVATE by Fintua took place this year at St. Mary&#8217;s Medieval Mile Museum in Kilkenny. Many experts from the fields of tax technology, indirect tax, AI, and e-invoicing gathered to discuss current developments and present their findings. I am delighted to share my impressions of this fantastic event with you and [&hellip;]<\/p>\n","protected":false},"author":9,"featured_media":247647,"comment_status":"closed","ping_status":"closed","sticky":false,"template":"","format":"standard","meta":{"_acf_changed":false,"_et_pb_use_builder":"","_et_pb_old_content":"","_et_gb_content_width":"","inline_featured_image":false,"footnotes":""},"categories":[300,316,317],"tags":[637,411,762,477,760],"class_list":["post-247646","post","type-post","status-publish","format-standard","has-post-thumbnail","hentry","category-all-industries","category-e-invoicing","category-peppol","tag-ai","tag-e-invoicing","tag-ireland","tag-peppol","tag-vida","blogauthor-aleksandar-lukic"],"acf":[],"yoast_head":"<!-- This site is optimized with the Yoast SEO plugin v26.8 - https:\/\/yoast.com\/product\/yoast-seo-wordpress\/ -->\n<title>E-invoicing in Ireland \u2013 changing with the times thanks to Peppol and AI - adesso business consulting Blog<\/title>\n<meta name=\"description\" content=\"E-invoicing in Ireland: Many experts gathered at the ELEVATE event in Kilkenny to discuss the latest developments.\" \/>\n<meta name=\"robots\" content=\"index, follow, max-snippet:-1, max-image-preview:large, max-video-preview:-1\" \/>\n<link rel=\"canonical\" href=\"https:\/\/blog.adesso-bc.com\/en\/e-invoicing-in-ireland-changing-with-the-times-thanks-to-peppol-and-ai\/\" \/>\n<meta property=\"og:locale\" content=\"en_US\" \/>\n<meta property=\"og:type\" content=\"article\" \/>\n<meta property=\"og:title\" content=\"E-invoicing in Ireland \u2013 changing with the times thanks to Peppol and AI - adesso business consulting Blog\" \/>\n<meta property=\"og:description\" content=\"E-invoicing in Ireland: Many experts gathered at the ELEVATE event in Kilkenny to discuss the latest developments.\" \/>\n<meta property=\"og:url\" content=\"https:\/\/blog.adesso-bc.com\/en\/e-invoicing-in-ireland-changing-with-the-times-thanks-to-peppol-and-ai\/\" \/>\n<meta property=\"og:site_name\" content=\"adesso business consulting Blog\" \/>\n<meta property=\"article:publisher\" content=\"https:\/\/www.facebook.com\/adessoorange\" \/>\n<meta property=\"article:published_time\" content=\"2026-03-10T15:57:08+00:00\" \/>\n<meta property=\"article:modified_time\" content=\"2026-03-10T15:57:12+00:00\" \/>\n<meta property=\"og:image\" content=\"https:\/\/blog.adesso-bc.com\/wp-content\/uploads\/2026\/03\/AdobeStock_254517532-scaled.jpeg\" \/>\n\t<meta property=\"og:image:width\" content=\"2560\" \/>\n\t<meta property=\"og:image:height\" content=\"1707\" \/>\n\t<meta property=\"og:image:type\" content=\"image\/jpeg\" \/>\n<meta name=\"author\" content=\"Sophie Eichler\" \/>\n<meta name=\"twitter:card\" content=\"summary_large_image\" \/>\n<meta name=\"twitter:label1\" content=\"Written by\" \/>\n\t<meta name=\"twitter:data1\" content=\"Sophie Eichler\" \/>\n\t<meta name=\"twitter:label2\" content=\"Est. reading time\" \/>\n\t<meta name=\"twitter:data2\" content=\"7 minutes\" \/>\n<script type=\"application\/ld+json\" class=\"yoast-schema-graph\">{\"@context\":\"https:\/\/schema.org\",\"@graph\":[{\"@type\":\"Article\",\"@id\":\"https:\/\/blog.adesso-bc.com\/en\/e-invoicing-in-ireland-changing-with-the-times-thanks-to-peppol-and-ai\/#article\",\"isPartOf\":{\"@id\":\"https:\/\/blog.adesso-bc.com\/en\/e-invoicing-in-ireland-changing-with-the-times-thanks-to-peppol-and-ai\/\"},\"author\":{\"name\":\"Sophie Eichler\",\"@id\":\"https:\/\/blog.adesso-bc.com\/en\/#\/schema\/person\/56646b5b304247d25f5d7928162e9d94\"},\"headline\":\"E-invoicing in Ireland \u2013 changing with the times thanks to Peppol and AI\",\"datePublished\":\"2026-03-10T15:57:08+00:00\",\"dateModified\":\"2026-03-10T15:57:12+00:00\",\"mainEntityOfPage\":{\"@id\":\"https:\/\/blog.adesso-bc.com\/en\/e-invoicing-in-ireland-changing-with-the-times-thanks-to-peppol-and-ai\/\"},\"wordCount\":1347,\"publisher\":{\"@id\":\"https:\/\/blog.adesso-bc.com\/en\/#organization\"},\"image\":{\"@id\":\"https:\/\/blog.adesso-bc.com\/en\/e-invoicing-in-ireland-changing-with-the-times-thanks-to-peppol-and-ai\/#primaryimage\"},\"thumbnailUrl\":\"https:\/\/blog.adesso-bc.com\/wp-content\/uploads\/2026\/03\/AdobeStock_254517532-scaled.jpeg\",\"keywords\":[\"AI\",\"E-Invoicing\",\"Ireland\",\"Peppol\",\"ViDA\"],\"articleSection\":[\"All Industries\",\"E-Invoicing\",\"Peppol\"],\"inLanguage\":\"en-US\"},{\"@type\":\"WebPage\",\"@id\":\"https:\/\/blog.adesso-bc.com\/en\/e-invoicing-in-ireland-changing-with-the-times-thanks-to-peppol-and-ai\/\",\"url\":\"https:\/\/blog.adesso-bc.com\/en\/e-invoicing-in-ireland-changing-with-the-times-thanks-to-peppol-and-ai\/\",\"name\":\"E-invoicing in Ireland \u2013 changing with the times thanks to Peppol and AI - adesso business consulting Blog\",\"isPartOf\":{\"@id\":\"https:\/\/blog.adesso-bc.com\/en\/#website\"},\"primaryImageOfPage\":{\"@id\":\"https:\/\/blog.adesso-bc.com\/en\/e-invoicing-in-ireland-changing-with-the-times-thanks-to-peppol-and-ai\/#primaryimage\"},\"image\":{\"@id\":\"https:\/\/blog.adesso-bc.com\/en\/e-invoicing-in-ireland-changing-with-the-times-thanks-to-peppol-and-ai\/#primaryimage\"},\"thumbnailUrl\":\"https:\/\/blog.adesso-bc.com\/wp-content\/uploads\/2026\/03\/AdobeStock_254517532-scaled.jpeg\",\"datePublished\":\"2026-03-10T15:57:08+00:00\",\"dateModified\":\"2026-03-10T15:57:12+00:00\",\"description\":\"E-invoicing in Ireland: Many experts gathered at the ELEVATE event in Kilkenny to discuss the latest developments.\",\"breadcrumb\":{\"@id\":\"https:\/\/blog.adesso-bc.com\/en\/e-invoicing-in-ireland-changing-with-the-times-thanks-to-peppol-and-ai\/#breadcrumb\"},\"inLanguage\":\"en-US\",\"potentialAction\":[{\"@type\":\"ReadAction\",\"target\":[\"https:\/\/blog.adesso-bc.com\/en\/e-invoicing-in-ireland-changing-with-the-times-thanks-to-peppol-and-ai\/\"]}]},{\"@type\":\"ImageObject\",\"inLanguage\":\"en-US\",\"@id\":\"https:\/\/blog.adesso-bc.com\/en\/e-invoicing-in-ireland-changing-with-the-times-thanks-to-peppol-and-ai\/#primaryimage\",\"url\":\"https:\/\/blog.adesso-bc.com\/wp-content\/uploads\/2026\/03\/AdobeStock_254517532-scaled.jpeg\",\"contentUrl\":\"https:\/\/blog.adesso-bc.com\/wp-content\/uploads\/2026\/03\/AdobeStock_254517532-scaled.jpeg\",\"width\":2560,\"height\":1707,\"caption\":\"Colorful buildings and old boats with cathedral in background in the harbor of Cobh, County Cork, Ireland\"},{\"@type\":\"BreadcrumbList\",\"@id\":\"https:\/\/blog.adesso-bc.com\/en\/e-invoicing-in-ireland-changing-with-the-times-thanks-to-peppol-and-ai\/#breadcrumb\",\"itemListElement\":[{\"@type\":\"ListItem\",\"position\":1,\"name\":\"Startseite\",\"item\":\"https:\/\/blog.adesso-bc.com\/en\/\"},{\"@type\":\"ListItem\",\"position\":2,\"name\":\"E-invoicing in Ireland \u2013 changing with the times thanks to Peppol and AI\"}]},{\"@type\":\"WebSite\",\"@id\":\"https:\/\/blog.adesso-bc.com\/en\/#website\",\"url\":\"https:\/\/blog.adesso-bc.com\/en\/\",\"name\":\"adesso business consulting Blog\",\"description\":\"Latest developments and exciting topics from the world of SAP\",\"publisher\":{\"@id\":\"https:\/\/blog.adesso-bc.com\/en\/#organization\"},\"potentialAction\":[{\"@type\":\"SearchAction\",\"target\":{\"@type\":\"EntryPoint\",\"urlTemplate\":\"https:\/\/blog.adesso-bc.com\/en\/?s={search_term_string}\"},\"query-input\":{\"@type\":\"PropertyValueSpecification\",\"valueRequired\":true,\"valueName\":\"search_term_string\"}}],\"inLanguage\":\"en-US\"},{\"@type\":\"Organization\",\"@id\":\"https:\/\/blog.adesso-bc.com\/en\/#organization\",\"name\":\"adesso orange AG\",\"url\":\"https:\/\/blog.adesso-bc.com\/en\/\",\"logo\":{\"@type\":\"ImageObject\",\"inLanguage\":\"en-US\",\"@id\":\"https:\/\/blog.adesso-bc.com\/en\/#\/schema\/logo\/image\/\",\"url\":\"https:\/\/blog.adesso-bc.com\/wp-content\/uploads\/2022\/03\/adesso-orange-blog-logo-gry.svg\",\"contentUrl\":\"https:\/\/blog.adesso-bc.com\/wp-content\/uploads\/2022\/03\/adesso-orange-blog-logo-gry.svg\",\"width\":100,\"height\":100,\"caption\":\"adesso orange AG\"},\"image\":{\"@id\":\"https:\/\/blog.adesso-bc.com\/en\/#\/schema\/logo\/image\/\"},\"sameAs\":[\"https:\/\/www.facebook.com\/adessoorange\",\"https:\/\/www.instagram.com\/adesso.orange\",\"https:\/\/www.linkedin.com\/company\/adesso-orange\",\"https:\/\/www.xing.com\/pages\/adesso-orange\"]},{\"@type\":\"Person\",\"@id\":\"https:\/\/blog.adesso-bc.com\/en\/#\/schema\/person\/56646b5b304247d25f5d7928162e9d94\",\"name\":\"Sophie Eichler\",\"url\":\"https:\/\/blog.adesso-bc.com\/en\/author\/sophieeichler\/\"}]}<\/script>\n<!-- \/ Yoast SEO plugin. -->","yoast_head_json":{"title":"E-invoicing in Ireland \u2013 changing with the times thanks to Peppol and AI - adesso business consulting Blog","description":"E-invoicing in Ireland: Many experts gathered at the ELEVATE event in Kilkenny to discuss the latest developments.","robots":{"index":"index","follow":"follow","max-snippet":"max-snippet:-1","max-image-preview":"max-image-preview:large","max-video-preview":"max-video-preview:-1"},"canonical":"https:\/\/blog.adesso-bc.com\/en\/e-invoicing-in-ireland-changing-with-the-times-thanks-to-peppol-and-ai\/","og_locale":"en_US","og_type":"article","og_title":"E-invoicing in Ireland \u2013 changing with the times thanks to Peppol and AI - adesso business consulting Blog","og_description":"E-invoicing in Ireland: Many experts gathered at the ELEVATE event in Kilkenny to discuss the latest developments.","og_url":"https:\/\/blog.adesso-bc.com\/en\/e-invoicing-in-ireland-changing-with-the-times-thanks-to-peppol-and-ai\/","og_site_name":"adesso business consulting Blog","article_publisher":"https:\/\/www.facebook.com\/adessoorange","article_published_time":"2026-03-10T15:57:08+00:00","article_modified_time":"2026-03-10T15:57:12+00:00","og_image":[{"width":2560,"height":1707,"url":"https:\/\/blog.adesso-bc.com\/wp-content\/uploads\/2026\/03\/AdobeStock_254517532-scaled.jpeg","type":"image\/jpeg"}],"author":"Sophie Eichler","twitter_card":"summary_large_image","twitter_misc":{"Written by":"Sophie Eichler","Est. reading time":"7 minutes"},"schema":{"@context":"https:\/\/schema.org","@graph":[{"@type":"Article","@id":"https:\/\/blog.adesso-bc.com\/en\/e-invoicing-in-ireland-changing-with-the-times-thanks-to-peppol-and-ai\/#article","isPartOf":{"@id":"https:\/\/blog.adesso-bc.com\/en\/e-invoicing-in-ireland-changing-with-the-times-thanks-to-peppol-and-ai\/"},"author":{"name":"Sophie Eichler","@id":"https:\/\/blog.adesso-bc.com\/en\/#\/schema\/person\/56646b5b304247d25f5d7928162e9d94"},"headline":"E-invoicing in Ireland \u2013 changing with the times thanks to Peppol and AI","datePublished":"2026-03-10T15:57:08+00:00","dateModified":"2026-03-10T15:57:12+00:00","mainEntityOfPage":{"@id":"https:\/\/blog.adesso-bc.com\/en\/e-invoicing-in-ireland-changing-with-the-times-thanks-to-peppol-and-ai\/"},"wordCount":1347,"publisher":{"@id":"https:\/\/blog.adesso-bc.com\/en\/#organization"},"image":{"@id":"https:\/\/blog.adesso-bc.com\/en\/e-invoicing-in-ireland-changing-with-the-times-thanks-to-peppol-and-ai\/#primaryimage"},"thumbnailUrl":"https:\/\/blog.adesso-bc.com\/wp-content\/uploads\/2026\/03\/AdobeStock_254517532-scaled.jpeg","keywords":["AI","E-Invoicing","Ireland","Peppol","ViDA"],"articleSection":["All Industries","E-Invoicing","Peppol"],"inLanguage":"en-US"},{"@type":"WebPage","@id":"https:\/\/blog.adesso-bc.com\/en\/e-invoicing-in-ireland-changing-with-the-times-thanks-to-peppol-and-ai\/","url":"https:\/\/blog.adesso-bc.com\/en\/e-invoicing-in-ireland-changing-with-the-times-thanks-to-peppol-and-ai\/","name":"E-invoicing in Ireland \u2013 changing with the times thanks to Peppol and AI - adesso business consulting Blog","isPartOf":{"@id":"https:\/\/blog.adesso-bc.com\/en\/#website"},"primaryImageOfPage":{"@id":"https:\/\/blog.adesso-bc.com\/en\/e-invoicing-in-ireland-changing-with-the-times-thanks-to-peppol-and-ai\/#primaryimage"},"image":{"@id":"https:\/\/blog.adesso-bc.com\/en\/e-invoicing-in-ireland-changing-with-the-times-thanks-to-peppol-and-ai\/#primaryimage"},"thumbnailUrl":"https:\/\/blog.adesso-bc.com\/wp-content\/uploads\/2026\/03\/AdobeStock_254517532-scaled.jpeg","datePublished":"2026-03-10T15:57:08+00:00","dateModified":"2026-03-10T15:57:12+00:00","description":"E-invoicing in Ireland: Many experts gathered at the ELEVATE event in Kilkenny to discuss the latest developments.","breadcrumb":{"@id":"https:\/\/blog.adesso-bc.com\/en\/e-invoicing-in-ireland-changing-with-the-times-thanks-to-peppol-and-ai\/#breadcrumb"},"inLanguage":"en-US","potentialAction":[{"@type":"ReadAction","target":["https:\/\/blog.adesso-bc.com\/en\/e-invoicing-in-ireland-changing-with-the-times-thanks-to-peppol-and-ai\/"]}]},{"@type":"ImageObject","inLanguage":"en-US","@id":"https:\/\/blog.adesso-bc.com\/en\/e-invoicing-in-ireland-changing-with-the-times-thanks-to-peppol-and-ai\/#primaryimage","url":"https:\/\/blog.adesso-bc.com\/wp-content\/uploads\/2026\/03\/AdobeStock_254517532-scaled.jpeg","contentUrl":"https:\/\/blog.adesso-bc.com\/wp-content\/uploads\/2026\/03\/AdobeStock_254517532-scaled.jpeg","width":2560,"height":1707,"caption":"Colorful buildings and old boats with cathedral in background in the harbor of Cobh, County Cork, Ireland"},{"@type":"BreadcrumbList","@id":"https:\/\/blog.adesso-bc.com\/en\/e-invoicing-in-ireland-changing-with-the-times-thanks-to-peppol-and-ai\/#breadcrumb","itemListElement":[{"@type":"ListItem","position":1,"name":"Startseite","item":"https:\/\/blog.adesso-bc.com\/en\/"},{"@type":"ListItem","position":2,"name":"E-invoicing in Ireland \u2013 changing with the times thanks to Peppol and AI"}]},{"@type":"WebSite","@id":"https:\/\/blog.adesso-bc.com\/en\/#website","url":"https:\/\/blog.adesso-bc.com\/en\/","name":"adesso business consulting Blog","description":"Latest developments and exciting topics from the world of SAP","publisher":{"@id":"https:\/\/blog.adesso-bc.com\/en\/#organization"},"potentialAction":[{"@type":"SearchAction","target":{"@type":"EntryPoint","urlTemplate":"https:\/\/blog.adesso-bc.com\/en\/?s={search_term_string}"},"query-input":{"@type":"PropertyValueSpecification","valueRequired":true,"valueName":"search_term_string"}}],"inLanguage":"en-US"},{"@type":"Organization","@id":"https:\/\/blog.adesso-bc.com\/en\/#organization","name":"adesso orange AG","url":"https:\/\/blog.adesso-bc.com\/en\/","logo":{"@type":"ImageObject","inLanguage":"en-US","@id":"https:\/\/blog.adesso-bc.com\/en\/#\/schema\/logo\/image\/","url":"https:\/\/blog.adesso-bc.com\/wp-content\/uploads\/2022\/03\/adesso-orange-blog-logo-gry.svg","contentUrl":"https:\/\/blog.adesso-bc.com\/wp-content\/uploads\/2022\/03\/adesso-orange-blog-logo-gry.svg","width":100,"height":100,"caption":"adesso orange AG"},"image":{"@id":"https:\/\/blog.adesso-bc.com\/en\/#\/schema\/logo\/image\/"},"sameAs":["https:\/\/www.facebook.com\/adessoorange","https:\/\/www.instagram.com\/adesso.orange","https:\/\/www.linkedin.com\/company\/adesso-orange","https:\/\/www.xing.com\/pages\/adesso-orange"]},{"@type":"Person","@id":"https:\/\/blog.adesso-bc.com\/en\/#\/schema\/person\/56646b5b304247d25f5d7928162e9d94","name":"Sophie Eichler","url":"https:\/\/blog.adesso-bc.com\/en\/author\/sophieeichler\/"}]}},"_links":{"self":[{"href":"https:\/\/blog.adesso-bc.com\/en\/wp-json\/wp\/v2\/posts\/247646","targetHints":{"allow":["GET"]}}],"collection":[{"href":"https:\/\/blog.adesso-bc.com\/en\/wp-json\/wp\/v2\/posts"}],"about":[{"href":"https:\/\/blog.adesso-bc.com\/en\/wp-json\/wp\/v2\/types\/post"}],"author":[{"embeddable":true,"href":"https:\/\/blog.adesso-bc.com\/en\/wp-json\/wp\/v2\/users\/9"}],"replies":[{"embeddable":true,"href":"https:\/\/blog.adesso-bc.com\/en\/wp-json\/wp\/v2\/comments?post=247646"}],"version-history":[{"count":1,"href":"https:\/\/blog.adesso-bc.com\/en\/wp-json\/wp\/v2\/posts\/247646\/revisions"}],"predecessor-version":[{"id":247648,"href":"https:\/\/blog.adesso-bc.com\/en\/wp-json\/wp\/v2\/posts\/247646\/revisions\/247648"}],"wp:featuredmedia":[{"embeddable":true,"href":"https:\/\/blog.adesso-bc.com\/en\/wp-json\/wp\/v2\/media\/247647"}],"wp:attachment":[{"href":"https:\/\/blog.adesso-bc.com\/en\/wp-json\/wp\/v2\/media?parent=247646"}],"wp:term":[{"taxonomy":"category","embeddable":true,"href":"https:\/\/blog.adesso-bc.com\/en\/wp-json\/wp\/v2\/categories?post=247646"},{"taxonomy":"post_tag","embeddable":true,"href":"https:\/\/blog.adesso-bc.com\/en\/wp-json\/wp\/v2\/tags?post=247646"}],"curies":[{"name":"wp","href":"https:\/\/api.w.org\/{rel}","templated":true}]}}